{"id":10039,"date":"2019-04-19T14:12:05","date_gmt":"2019-04-19T08:12:05","guid":{"rendered":"http:\/\/www.schuppen68.de\/?p=10039"},"modified":"2019-04-19T14:17:17","modified_gmt":"2019-04-19T08:17:17","slug":"19-04-2019-umzug-nur-noch-in-der-holzkiste-mit-den-fuessen-voran","status":"publish","type":"post","link":"http:\/\/www.schuppen68.de\/?p=10039","title":{"rendered":"19.04.2019 \u2013 Umzug nur noch in der Holzkiste mit den F\u00fc\u00dfen voran"},"content":{"rendered":"<p><a href=\"http:\/\/www.schuppen68.de\/wp-content\/uploads\/2019\/04\/1.-mai.jpg\"><img decoding=\"async\" loading=\"lazy\" src=\"http:\/\/www.schuppen68.de\/wp-content\/uploads\/2019\/04\/1.-mai-768x1024.jpg\" alt=\"\" width=\"625\" height=\"833\" class=\"alignnone size-large wp-image-10040\" srcset=\"http:\/\/www.schuppen68.de\/wp-content\/uploads\/2019\/04\/1.-mai-768x1024.jpg 768w, http:\/\/www.schuppen68.de\/wp-content\/uploads\/2019\/04\/1.-mai-225x300.jpg 225w, http:\/\/www.schuppen68.de\/wp-content\/uploads\/2019\/04\/1.-mai-624x832.jpg 624w, http:\/\/www.schuppen68.de\/wp-content\/uploads\/2019\/04\/1.-mai.jpg 774w\" sizes=\"(max-width: 625px) 100vw, 625px\" \/><\/a><br \/>\n<em>1. Mai, Faust hoch Demo, Block gegen Verdr\u00e4ngung.<\/em> Wer sich ein bisschen in subkultureller Semantik auskennt, wei\u00df, dass es bei der hier angek\u00fcndigten Veranstaltung eher vermummt und rustikal zugeht. Nachdem ich den letzten 1. Mai in Hannover als so deprimierenden Tiefpunkt der jahrelangen negativen Entwicklung der 1. Mai Veranstaltungen erlebt habe, dass ich mir vornahm, den diesj\u00e4hrigen lieber in Berlin zu feiern, besteht also Hoffnung, dass sich was ver\u00e4ndert. Die Mietensituation spitzt sich so dramatisch zu, dass sie sich als Kulminations- und Schnittpunkt diverser politischer Str\u00f6mungen zu entwickeln scheint, radikale linke Formen des Protestes inclusive. Und das ist dringend n\u00f6tig, denn bisher ist die wachsende Spaltung zwischen Arm und Reich nur tr\u00fcbbraunes Wasser auf die erb\u00e4rmlichen M\u00fchlen rechter Rattenf\u00e4nger.<br \/>\nIch werde trotzdem in Berlin abh\u00e4ngen, die Maigeschichte in Hannover ist f\u00fcr mich auserz\u00e4hlt. Man sollte wissen, wann eine Geschichte zu Ende geht, sonst rennt man wie ein Hamster in der Laufrolle einem imagin\u00e4ren Ziel entgegen, ohne jemals vom Fleck zu kommen. Mich w\u00fcrde allein schon interessieren, was es f\u00fcr 1. Mai Folklore in Berlin gibt, neben dem klassischen DGB-Zug zum Brandenburger Tor, sicher mit einer machtvollen Blablabla-Ansprache irgendeines Gewerkschafts-Vorsitzenden. In Kreuzberg gibt es das Myfest, da treten sich wahrscheinlich die Touris gegenseitig die H\u00fchneraugen platt, auf dem Mariannenplatz ist bestimmt wieder die Avantgarde der autonomen Folklore unterwegs.<br \/>\n<a href=\"http:\/\/www.schuppen68.de\/wp-content\/uploads\/2019\/04\/autonome-folklore.jpg\"><img decoding=\"async\" loading=\"lazy\" src=\"http:\/\/www.schuppen68.de\/wp-content\/uploads\/2019\/04\/autonome-folklore-1024x781.jpg\" alt=\"\" width=\"625\" height=\"477\" class=\"alignnone size-large wp-image-10041\" srcset=\"http:\/\/www.schuppen68.de\/wp-content\/uploads\/2019\/04\/autonome-folklore-1024x781.jpg 1024w, http:\/\/www.schuppen68.de\/wp-content\/uploads\/2019\/04\/autonome-folklore-300x229.jpg 300w, http:\/\/www.schuppen68.de\/wp-content\/uploads\/2019\/04\/autonome-folklore-768x586.jpg 768w, http:\/\/www.schuppen68.de\/wp-content\/uploads\/2019\/04\/autonome-folklore-624x476.jpg 624w, http:\/\/www.schuppen68.de\/wp-content\/uploads\/2019\/04\/autonome-folklore.jpg 1063w\" sizes=\"(max-width: 625px) 100vw, 625px\" \/><\/a><br \/>\n<em>Autonome Folklore 1. Mai 2016 in Hannover.<\/em><br \/>\nAu\u00dferdem gibt es sicher diverse Umz\u00fcge irgendwelcher stalinistischen, maoistischen oder sonstigen Spinnersekten und vielleicht noch irgendwas Dadaistisches. Wo ich am liebsten mitmachen w\u00fcrde. Irgendwie passt das mit den ganzen Umz\u00fcgen auch, denn ich ziehe in Berlin ebenfalls um, von Kreuzberg nach Moabit. Ich hasse Wohnumz\u00fcge, und wenn es nach mir geht, mache ich in meiner Original-Homebase nur noch einen, n\u00e4mlich in einer Holzkiste raus, mit den F\u00fc\u00dfen voran. Allein dieses Kistenpacken, da krieg ich Pestbeulen, wenn ich nur daran denke. Aber in Berlin flattere ich als \u201em\u00f6blierter Herr\u201c von WG zu WG, da brauch ich immer nur meinen Kulturbeutel (warum hei\u00dft der eigentlich nicht Zivilisationsbeutel?) einzupacken, meinen Helm aufzusetzen und mit dem Fahrrad den Kiez zu wechseln. Den Soundtrack dazu liefern Bad Company mit <a href=\"https:\/\/www.youtube.com\/watch?v=f9gJDhCXolc\">Movin on<\/a>. \u201eMovin on\u201c nicht nur im Sinne von Umz\u00fcgen, Weiterziehen, sondern Ver\u00e4nderung grunds\u00e4tzlich, ist interessanterweise ein Topos, dass bei schwarzer Musik Soul, Reggae, Funk etc. , selten vorkommt, das ist mehr wei\u00dfer Shit. Doch das zu ergr\u00fcnden, w\u00fcrde den Raum hier sprengen. Booom.<br \/>\n<a href=\"http:\/\/www.schuppen68.de\/wp-content\/uploads\/2019\/04\/black-musicm.jpg\"><img decoding=\"async\" loading=\"lazy\" src=\"http:\/\/www.schuppen68.de\/wp-content\/uploads\/2019\/04\/black-musicm-768x1024.jpg\" alt=\"\" width=\"625\" height=\"833\" class=\"alignnone size-large wp-image-10042\" srcset=\"http:\/\/www.schuppen68.de\/wp-content\/uploads\/2019\/04\/black-musicm-768x1024.jpg 768w, http:\/\/www.schuppen68.de\/wp-content\/uploads\/2019\/04\/black-musicm-225x300.jpg 225w, http:\/\/www.schuppen68.de\/wp-content\/uploads\/2019\/04\/black-musicm-624x832.jpg 624w, http:\/\/www.schuppen68.de\/wp-content\/uploads\/2019\/04\/black-musicm.jpg 774w\" sizes=\"(max-width: 625px) 100vw, 625px\" \/><\/a><br \/>\n<em>Black music inna Kreuzberg. Motown Soul, nicht Philly. Wer sich ein bisschen in subkultureller Semantik auskennt, wei\u00df hier Bescheid.<\/em><br \/>\nIch freu mich auf Moabit. Bei mir um die Ecke dort gemahnen mich die m\u00e4chtigen W\u00e4nde der legend\u00e4ren <a href=\"http:\/\/Moabit https:\/\/de.wikipedia.org\/wiki\/Justizvollzugsanstalt_Moabit\">Justizvollzugsanstalt<\/a> daran, die Finger von illegalen Aktivit\u00e4ten zu lassen. Oder mich zumindest nicht erwischen zu lassen. In Moabit sa\u00df \u00fcbrigens Erich Honecker ein. Zweimal, einmal bei den Nazis 1935, und dann nochmal 1992. Da waren die Nazis aber nicht mehr an der Macht, sondern schon alle tot.<br \/>\nFast alle.<br \/>\nFr\u00f6hliche Ostern, liebe Leserinnen. <\/p>\n","protected":false},"excerpt":{"rendered":"<p>1. Mai, Faust hoch Demo, Block gegen Verdr\u00e4ngung. Wer sich ein bisschen in subkultureller Semantik auskennt, wei\u00df, dass es bei der hier angek\u00fcndigten Veranstaltung eher vermummt und rustikal zugeht. Nachdem ich den letzten 1. Mai in Hannover als so deprimierenden Tiefpunkt der jahrelangen negativen Entwicklung der 1. Mai Veranstaltungen erlebt habe, dass ich mir vornahm, [&hellip;]<\/p>\n","protected":false},"author":1,"featured_media":0,"comment_status":"open","ping_status":"open","sticky":false,"template":"","format":"standard","meta":[],"categories":[5],"tags":[],"_links":{"self":[{"href":"http:\/\/www.schuppen68.de\/index.php?rest_route=\/wp\/v2\/posts\/10039"}],"collection":[{"href":"http:\/\/www.schuppen68.de\/index.php?rest_route=\/wp\/v2\/posts"}],"about":[{"href":"http:\/\/www.schuppen68.de\/index.php?rest_route=\/wp\/v2\/types\/post"}],"author":[{"embeddable":true,"href":"http:\/\/www.schuppen68.de\/index.php?rest_route=\/wp\/v2\/users\/1"}],"replies":[{"embeddable":true,"href":"http:\/\/www.schuppen68.de\/index.php?rest_route=%2Fwp%2Fv2%2Fcomments&post=10039"}],"version-history":[{"count":3,"href":"http:\/\/www.schuppen68.de\/index.php?rest_route=\/wp\/v2\/posts\/10039\/revisions"}],"predecessor-version":[{"id":10045,"href":"http:\/\/www.schuppen68.de\/index.php?rest_route=\/wp\/v2\/posts\/10039\/revisions\/10045"}],"wp:attachment":[{"href":"http:\/\/www.schuppen68.de\/index.php?rest_route=%2Fwp%2Fv2%2Fmedia&parent=10039"}],"wp:term":[{"taxonomy":"category","embeddable":true,"href":"http:\/\/www.schuppen68.de\/index.php?rest_route=%2Fwp%2Fv2%2Fcategories&post=10039"},{"taxonomy":"post_tag","embeddable":true,"href":"http:\/\/www.schuppen68.de\/index.php?rest_route=%2Fwp%2Fv2%2Ftags&post=10039"}],"curies":[{"name":"wp","href":"https:\/\/api.w.org\/{rel}","templated":true}]}}