{"id":10840,"date":"2020-02-29T17:59:39","date_gmt":"2020-02-29T11:59:39","guid":{"rendered":"http:\/\/www.schuppen68.de\/?p=10840"},"modified":"2020-02-29T18:46:07","modified_gmt":"2020-02-29T12:46:07","slug":"29-02-2020-realitaet-metapher-und-mythos-vom-virus-vom-gift-und-vom-volkskoerper","status":"publish","type":"post","link":"http:\/\/www.schuppen68.de\/?p=10840","title":{"rendered":"29.02.2020 \u2013 Realit\u00e4t, Metapher und Mythos: Vom Virus, vom Gift und vom Volksk\u00f6rper."},"content":{"rendered":"<p><a href=\"http:\/\/www.schuppen68.de\/wp-content\/uploads\/2020\/02\/stecker-rein-stecker-raus.jpg\"><img decoding=\"async\" loading=\"lazy\" src=\"http:\/\/www.schuppen68.de\/wp-content\/uploads\/2020\/02\/stecker-rein-stecker-raus.jpg\" alt=\"\" width=\"372\" height=\"708\" class=\"alignnone size-full wp-image-10841\" srcset=\"http:\/\/www.schuppen68.de\/wp-content\/uploads\/2020\/02\/stecker-rein-stecker-raus.jpg 372w, http:\/\/www.schuppen68.de\/wp-content\/uploads\/2020\/02\/stecker-rein-stecker-raus-158x300.jpg 158w\" sizes=\"(max-width: 372px) 100vw, 372px\" \/><\/a><br \/>\n<em>Stecker rein, Stecker raus. Screenshot von meinem PC.<\/em> Information ist alles. Aber man kann\u2019s auch \u00fcbertreiben. Zumal mir sowieso jedes Verst\u00e4ndnis vom Innenleben eines Betriebssystems fehlt und mich diese Dinge eigentlich allt\u00e4glich \u00fcberfordern. Dass es mit der wachsenden Flut an Informationen vielen Menschen \u00e4hnlich geht, ist eine Binsenweisheit, tr\u00e4gt aber aktuell in Zeiten von Pest und Cholera zum zunehmend nerv\u00f6sen Vibrieren des \u201eVolksk\u00f6rpers\u201c bei. Der Begriff \u201eVolksk\u00f6rper\u201c ist ein genuin faschistischer:<br \/>\nEr wurde (<a href=\"https:\/\/de.wikipedia.org\/wiki\/Volksk%C3%B6rper\">Zitat<\/a>):<br \/>\n<em>&#8220; \u2026 im politischen Sprachgebrauch als Metapher (benutzt), die ein organizistisches und biologistisches Verst\u00e4ndnis von \u201eVolk\u201c und Gesellschaft ausdr\u00fcckte. Sie wurde in Deutschland w\u00e4hrend des 19. und 20. Jahrhunderts vor allem in antisemitischen und rassenhygienischen Texten benutzt, um das als biologische und rassische Einheit konzipierte \u201eVolk\u201c semantisch gegen\u00fcber sogenannten \u201eParasiten\u201c, \u201eSch\u00e4dlingen\u201c und \u201eKrankheiten\u201c abzugrenzen. \u2026 Die Metapher des Volksk\u00f6rpers stand deshalb w\u00e4hrend des Nationalsozialismus in einem engen Zusammenhang mit der nationalsozialistischen Rassen- und Euthanasiepolitik.\u201c<\/em><br \/>\nGrundlage f\u00fcr den Wikipedia-Artikel ist u. a. ein <a href=\"http:\/\/www.sozialgeschichte-medizin.org\/wp_verein\/wp-content\/uploads\/2015\/02\/Virus_Nr.9.pdf\">Artikel von Thomas Bryant<\/a> in <strong>&#8222;Virus<\/strong>. Beitr\u00e4ge zur Sozialgeschichte der Medizin,&#8220; 9, 2010, Hg. Verein f\u00fcr Sozialgeschichte der Medizin, Wien.\u201c<br \/>\nAfD-Nazis wie H\u00f6cke delirieren von &#8222;<em>brandigen Gliedern am <a href=\"https:\/\/www.zeit.de\/2019\/45\/bjoern-hoecke-afd-alexander-gauland-rechtsextremismus-thueringen-landtagswahl\">Volksk\u00f6rper<\/a>, die nicht mit Lavendelwasser kuriert<\/em>&#8220; werden k\u00f6nnten.<br \/>\nDer \u201eVolksk\u00f6rper\u201c wird in der Sicht der Faschisten durch alles <a href=\"https:\/\/de.wikipedia.org\/wiki\/Wirtsvolk\">Fremde bedroht<\/a>, was gerne mit Mikroorganismus-Metaphorik als naturgegebene Sch\u00e4dlings-Bedrohung diffamiert wird, siehe auch Bazillus und Parasit.<br \/>\nIn diese Kategorie des Sch\u00e4dlings f\u00e4llt auch \u201eVirus\u201c (lat. \u201eGift\u201c), zuerst 1935 als solcher benannt in Abgrenzung zum Bakterium, insofern eine modernere Sch\u00e4dlingsvariante.<br \/>\nEs ist eine Realit\u00e4t, dass das Corona-Virus nicht nur die B\u00f6rse in Panik versetzt, sondern die Gesellschaft nerv\u00f6s macht. Noch nur nerv\u00f6s. Anstatt sich auf Informationen des <a href=\"https:\/\/www.rki.de\/DE\/Home\/homepage_node.html\">Robert-Koch-Institutes<\/a> zu fokussieren, wird in abendlicher Runde gerne schon mal verlautbar, dass das Corona-Virus aus einem CIA-Labor entlaufen ist. Diese allt\u00e4glichen Kleinigkeiten machen vor dem Hintergrund des eingangs Skizzierten nachvollziehbar, welche irrationalen Unterstr\u00f6mungen in unserer Gesellschaft um sich greifen.<br \/>\nInsofern hat es mich auch unangenehm ber\u00fchrt, als nach den faschistischen Morden von Hanau unisono im politischen Sprachgebrauch f\u00fcr diesen gesellschaftlichen Zusammenhang dauernd von \u201eGift\u201c, einer biologistischen Metapher, die Rede war, siehe Merkel: <em>\u201eRassismus ist Gift<\/em>, etc.. \u201e<br \/>\nGift zersetzt den K\u00f6rper. Und da ist \u00fcber die Hintert\u00fcr der Metaphorik dem Mythos vom \u201eVolksk\u00f6rper\u201c mit allen seinen semantischen und politischen Konsequenzen T\u00fcr und Tor ge\u00f6ffnet. Ohne es zu wollen. Ich unterstelle Angela Merkel und anderen gutmeinenden B\u00fcrgerlichen keine N\u00e4he zu faschistoider Terminologie. Es ist einfach wieder mal \u201enur\u201c b\u00fcrgerlicher und damit \u00fcberforderter Antifaschismus.<br \/>\nIch halte diese Form der hier in Ans\u00e4tzen beschriebenen gesellschaftlichen Kontamination mit Metaphern und Mythen in letzter Konsequenz f\u00fcr gef\u00e4hrlicher als die Corona-Seuche. Die l\u00e4uft sich irgendwann tot wie jede Seuche bisher. Bis zur n\u00e4chsten.<br \/>\nBis dahin: H\u00e4ndewaschen, Grippeimpfen, desinfizieren, Sport treiben und Finger weg von Verschw\u00f6rungstheorien.<\/p>\n","protected":false},"excerpt":{"rendered":"<p>Stecker rein, Stecker raus. Screenshot von meinem PC. Information ist alles. Aber man kann\u2019s auch \u00fcbertreiben. Zumal mir sowieso jedes Verst\u00e4ndnis vom Innenleben eines Betriebssystems fehlt und mich diese Dinge eigentlich allt\u00e4glich \u00fcberfordern. Dass es mit der wachsenden Flut an Informationen vielen Menschen \u00e4hnlich geht, ist eine Binsenweisheit, tr\u00e4gt aber aktuell in Zeiten von Pest [&hellip;]<\/p>\n","protected":false},"author":1,"featured_media":0,"comment_status":"open","ping_status":"open","sticky":false,"template":"","format":"standard","meta":[],"categories":[5],"tags":[],"_links":{"self":[{"href":"http:\/\/www.schuppen68.de\/index.php?rest_route=\/wp\/v2\/posts\/10840"}],"collection":[{"href":"http:\/\/www.schuppen68.de\/index.php?rest_route=\/wp\/v2\/posts"}],"about":[{"href":"http:\/\/www.schuppen68.de\/index.php?rest_route=\/wp\/v2\/types\/post"}],"author":[{"embeddable":true,"href":"http:\/\/www.schuppen68.de\/index.php?rest_route=\/wp\/v2\/users\/1"}],"replies":[{"embeddable":true,"href":"http:\/\/www.schuppen68.de\/index.php?rest_route=%2Fwp%2Fv2%2Fcomments&post=10840"}],"version-history":[{"count":3,"href":"http:\/\/www.schuppen68.de\/index.php?rest_route=\/wp\/v2\/posts\/10840\/revisions"}],"predecessor-version":[{"id":10844,"href":"http:\/\/www.schuppen68.de\/index.php?rest_route=\/wp\/v2\/posts\/10840\/revisions\/10844"}],"wp:attachment":[{"href":"http:\/\/www.schuppen68.de\/index.php?rest_route=%2Fwp%2Fv2%2Fmedia&parent=10840"}],"wp:term":[{"taxonomy":"category","embeddable":true,"href":"http:\/\/www.schuppen68.de\/index.php?rest_route=%2Fwp%2Fv2%2Fcategories&post=10840"},{"taxonomy":"post_tag","embeddable":true,"href":"http:\/\/www.schuppen68.de\/index.php?rest_route=%2Fwp%2Fv2%2Ftags&post=10840"}],"curies":[{"name":"wp","href":"https:\/\/api.w.org\/{rel}","templated":true}]}}