{"id":10846,"date":"2020-03-03T13:37:15","date_gmt":"2020-03-03T07:37:15","guid":{"rendered":"http:\/\/www.schuppen68.de\/?p=10846"},"modified":"2020-03-03T13:41:09","modified_gmt":"2020-03-03T07:41:09","slug":"03-03-2020-hoelderlin-der-blaue-faden-und-impfpflicht-gegen-dummheit","status":"publish","type":"post","link":"http:\/\/www.schuppen68.de\/?p=10846","title":{"rendered":"03.03.2020 \u2013 H\u00f6lderlin, der blaue Faden und Impfpflicht gegen Dummheit"},"content":{"rendered":"<p><a href=\"http:\/\/www.schuppen68.de\/wp-content\/uploads\/2020\/03\/080303s68-np-lindener-darf-nicht-sterben.jpg\"><img decoding=\"async\" loading=\"lazy\" src=\"http:\/\/www.schuppen68.de\/wp-content\/uploads\/2020\/03\/080303s68-np-lindener-darf-nicht-sterben-950x1024.jpg\" alt=\"\" width=\"625\" height=\"674\" class=\"alignnone size-large wp-image-10847\" srcset=\"http:\/\/www.schuppen68.de\/wp-content\/uploads\/2020\/03\/080303s68-np-lindener-darf-nicht-sterben-950x1024.jpg 950w, http:\/\/www.schuppen68.de\/wp-content\/uploads\/2020\/03\/080303s68-np-lindener-darf-nicht-sterben-278x300.jpg 278w, http:\/\/www.schuppen68.de\/wp-content\/uploads\/2020\/03\/080303s68-np-lindener-darf-nicht-sterben-768x828.jpg 768w, http:\/\/www.schuppen68.de\/wp-content\/uploads\/2020\/03\/080303s68-np-lindener-darf-nicht-sterben-624x673.jpg 624w, http:\/\/www.schuppen68.de\/wp-content\/uploads\/2020\/03\/080303s68-np-lindener-darf-nicht-sterben.jpg 1181w\" sizes=\"(max-width: 625px) 100vw, 625px\" \/><\/a><br \/>\n<em>Aktion von 2008 zur Rettung der lokalen Brauerei,<\/em> bei der ich nach dem Abi ein paar Monate gearbeitet hatte. Die Arbeit war nur im Vollrausch zu ertragen, aber als Flaschenabf\u00fcllanlagenbediener war ich ja an der Quelle. Den Artikel habe ich rausgekramt, weil ich zur Zeit mit einer <a href=\"https:\/\/de.wikipedia.org\/wiki\/Intervention_(bildende_Kunst)\">Intervention<\/a> zum 250. Geburtstag des gr\u00f6\u00dften Dichters deutscher Zunge <a href=\"https:\/\/de.wikipedia.org\/wiki\/Friedrich_H%C3%B6lderlin\">Friedrich H\u00f6lderlin<\/a> besch\u00e4ftigt bin  und nachgesehen habe, was ich selber denn schon mal zum Meister fabrizierte. Wir wollen zu meinen Gunsten annehmen, dass ich die damalige Aktion im Bild oben im Drogenrausch oder Vollsuff geplant habe. Aber meine H\u00f6lderlin Nachdichtung des anr\u00fchrend-grandiosen Poems \u201eH\u00e4lfte des Lebens\u201c in obigem Artikel hat was. Das Original wollen Sie bitte <a href=\"https:\/\/de.wikipedia.org\/wiki\/H%C3%A4lfte_des_Lebens\">hier nachlesen<\/a>. Meine Intervention tr\u00e4gt \u00fcbrigens als Titel den klagenden Ausklang des Gedichtes \u201eIm Winde klirren die Fahnen\u201c. Mehr dazu demn\u00e4chst. Bleiben Sie drin!<br \/>\nBrauereien ziehen sich also wie ein roter, besser blauer Faden durch mein Leben und so nahm es nicht Wunder, dass ich bei der Solidemo am 29.02 f\u00fcr die hiesige Gildebrauerei dabei war.<br \/>\n<a href=\"http:\/\/www.schuppen68.de\/wp-content\/uploads\/2020\/03\/power-to-the-brauer.jpg\"><img decoding=\"async\" loading=\"lazy\" src=\"http:\/\/www.schuppen68.de\/wp-content\/uploads\/2020\/03\/power-to-the-brauer-1024x787.jpg\" alt=\"\" width=\"625\" height=\"480\" class=\"alignnone size-large wp-image-10848\" srcset=\"http:\/\/www.schuppen68.de\/wp-content\/uploads\/2020\/03\/power-to-the-brauer-1024x787.jpg 1024w, http:\/\/www.schuppen68.de\/wp-content\/uploads\/2020\/03\/power-to-the-brauer-300x230.jpg 300w, http:\/\/www.schuppen68.de\/wp-content\/uploads\/2020\/03\/power-to-the-brauer-768x590.jpg 768w, http:\/\/www.schuppen68.de\/wp-content\/uploads\/2020\/03\/power-to-the-brauer-624x479.jpg 624w, http:\/\/www.schuppen68.de\/wp-content\/uploads\/2020\/03\/power-to-the-brauer.jpg 1324w\" sizes=\"(max-width: 625px) 100vw, 625px\" \/><\/a><br \/>\n<em>Power to the Brauer.<\/em> Einer der seltenen F\u00e4lle, wo die hiesige Presse ausf\u00fchrlich und wohlwollend \u00fcber Gewerkschaftsaktivit\u00e4ten berichtete. Die Brauerei hat halt einen hohen lokalen Symbolwert. Die Zeitungen \u00fcbernahmen sogar die Teilnehmerinnen-Zahl der Veranstalter von 750. Real waren es halb so viel. In meinen Augen ein Desaster und Vorbote einer Niederlage. Ich hoffe sehr, ich habe Unrecht. Aber die zust\u00e4ndige Gewerkschaft hat gestern eine Streikpause angek\u00fcndigt und Gespr\u00e4che mit der Gesch\u00e4ftsleitung der Gegenseite gesucht, ohne Signale von denen oder gar Vorleistungen. Das ist <a href=\"http:\/\/www.schuppen68.de\/?p=10836\">kein gutes Zeichen<\/a>.<br \/>\nMeine Laune ging vollends in den Keller, als ich am gleichen Samstag in der City unverhofft mit einem Ausbruch von Irrationalit\u00e4t und Infamie konfrontiert wurde: Eine Demo von Gegner*innen der Impfpflicht<br \/>\n<a href=\"http:\/\/www.schuppen68.de\/wp-content\/uploads\/2020\/03\/impfzwang-faschismus.jpg\"><img decoding=\"async\" loading=\"lazy\" src=\"http:\/\/www.schuppen68.de\/wp-content\/uploads\/2020\/03\/impfzwang-faschismus-1024x768.jpg\" alt=\"\" width=\"625\" height=\"469\" class=\"alignnone size-large wp-image-10849\" srcset=\"http:\/\/www.schuppen68.de\/wp-content\/uploads\/2020\/03\/impfzwang-faschismus-1024x768.jpg 1024w, http:\/\/www.schuppen68.de\/wp-content\/uploads\/2020\/03\/impfzwang-faschismus-300x225.jpg 300w, http:\/\/www.schuppen68.de\/wp-content\/uploads\/2020\/03\/impfzwang-faschismus-768x576.jpg 768w, http:\/\/www.schuppen68.de\/wp-content\/uploads\/2020\/03\/impfzwang-faschismus-624x468.jpg 624w\" sizes=\"(max-width: 625px) 100vw, 625px\" \/><\/a><br \/>\n<em>Impfzwang Faschismus.<\/em> Die Gleichsetzung von Impfzwang mit Faschismus ist eine niedertr\u00e4chtige Verh\u00f6hnung der realen Opfer von Faschismus und zeugt von v\u00f6lliger Gem\u00fcts-Verrohung bis weit in alternative Kreise. Auf der Demo waren gef\u00fchlte 110 Prozent der TN vegane, Hom\u00f6opathiek\u00fcgelchen schluckende Anti-AKWlerinnen.<br \/>\nVor weniger als hundert Jahren starben in Deutschland Tausende an Kinderkrankheiten wie Diphtherie, Masern oder Kinderl\u00e4hmung. Das ist durch Hygiene-Fortschritt, wachsenden Wohlstand und vor allem Impfungen gegen Null gegangen. Bereits jetzt aber ist die <a href=\"https:\/\/www.rki.de\/DE\/Content\/Service\/Presse\/Pressemitteilungen\/2019\/05_2019.html\">Impfquote bei Schulanf\u00e4nger*innen zu niedrig<\/a> und wenn sich der wachsende Irrationalismus, siehe Bild, durchsetzt, kehren diese Krankheiten wieder.<br \/>\nDa passt ein Schild auf der Demo ins Bild, das ich leider nicht dokumentiert habe: \u201eNicht die Starken schw\u00e4chen!\u201c (Angeblich schw\u00e4chen Impfungen die \u201eStarken\u201c Alternativ-Kinder so sehr, dass sie sofort ins Gras bei\u00dfen). Von hier bis zum Schild auf der n\u00e4chsten Demo: \u201eDie Schwachen ausmerzen\u201c ist es nur noch ein kleiner Schritt. Hier ist die Grenze vom Irrationalismus zu faschistoidem Gedankengut \u00fcberschritten.<br \/>\nWann wird eine Impfpflicht gegen Dummheit eingef\u00fchrt?<br \/>\nAch, H\u00f6lderlin, nimm mich in die tr\u00f6stenden Arme Deiner Hymnen.<\/p>\n","protected":false},"excerpt":{"rendered":"<p>Aktion von 2008 zur Rettung der lokalen Brauerei, bei der ich nach dem Abi ein paar Monate gearbeitet hatte. Die Arbeit war nur im Vollrausch zu ertragen, aber als Flaschenabf\u00fcllanlagenbediener war ich ja an der Quelle. Den Artikel habe ich rausgekramt, weil ich zur Zeit mit einer Intervention zum 250. Geburtstag des gr\u00f6\u00dften Dichters deutscher [&hellip;]<\/p>\n","protected":false},"author":1,"featured_media":0,"comment_status":"open","ping_status":"open","sticky":false,"template":"","format":"standard","meta":[],"categories":[5],"tags":[],"_links":{"self":[{"href":"http:\/\/www.schuppen68.de\/index.php?rest_route=\/wp\/v2\/posts\/10846"}],"collection":[{"href":"http:\/\/www.schuppen68.de\/index.php?rest_route=\/wp\/v2\/posts"}],"about":[{"href":"http:\/\/www.schuppen68.de\/index.php?rest_route=\/wp\/v2\/types\/post"}],"author":[{"embeddable":true,"href":"http:\/\/www.schuppen68.de\/index.php?rest_route=\/wp\/v2\/users\/1"}],"replies":[{"embeddable":true,"href":"http:\/\/www.schuppen68.de\/index.php?rest_route=%2Fwp%2Fv2%2Fcomments&post=10846"}],"version-history":[{"count":3,"href":"http:\/\/www.schuppen68.de\/index.php?rest_route=\/wp\/v2\/posts\/10846\/revisions"}],"predecessor-version":[{"id":10852,"href":"http:\/\/www.schuppen68.de\/index.php?rest_route=\/wp\/v2\/posts\/10846\/revisions\/10852"}],"wp:attachment":[{"href":"http:\/\/www.schuppen68.de\/index.php?rest_route=%2Fwp%2Fv2%2Fmedia&parent=10846"}],"wp:term":[{"taxonomy":"category","embeddable":true,"href":"http:\/\/www.schuppen68.de\/index.php?rest_route=%2Fwp%2Fv2%2Fcategories&post=10846"},{"taxonomy":"post_tag","embeddable":true,"href":"http:\/\/www.schuppen68.de\/index.php?rest_route=%2Fwp%2Fv2%2Ftags&post=10846"}],"curies":[{"name":"wp","href":"https:\/\/api.w.org\/{rel}","templated":true}]}}