{"id":10853,"date":"2020-03-05T12:05:01","date_gmt":"2020-03-05T06:05:01","guid":{"rendered":"http:\/\/www.schuppen68.de\/?p=10853"},"modified":"2020-03-05T13:35:48","modified_gmt":"2020-03-05T07:35:48","slug":"schuppen-68-intervention-zum-250-geburtstag-von-friedrich-hoelderlin","status":"publish","type":"post","link":"http:\/\/www.schuppen68.de\/?p=10853","title":{"rendered":"SCHUPPEN 68 Intervention zum 250. Geburtstag von Friedrich H\u00f6lderlin"},"content":{"rendered":"<p>Am 20. M\u00e4rz 2020 j\u00e4hrt sich zum 250. Mal der Geburtstag des Dichters Friedrich H\u00f6lderlin. Aus diesem Anlass findet in Hannover den M\u00e4rz \u00fcber d<a href=\"https:\/\/kunstaspekte.art\/event\/imwindeklirrendiefahnen\">ie Intervention \u201eIm Winde klirren die Fahnen\u201c<\/a> des K\u00fcnstlernetzwerks SCHUPPEN 68 statt. Sie ist ein Beitrag zur W\u00fcrdigung und Verbreitung des Werks von Friedrich H\u00f6lderlin. Im Zentrum der Intervention steht sein bekanntestes Gedicht \u201eH\u00e4lfte des Lebens\u201c mit der elegisch-trostlosen Klage am Schluss:<br \/>\n<em>\u201e \u2026.<br \/>\nDie Mauern stehn,<br \/>\nSprachlos und kalt, im Winde<br \/>\nKlirren die Fahnen.\u201c<\/em><\/p>\n<p>Zur Intervention:<br \/>\n&#8211; Plakate mit dem Gedicht werden im Stadtgebiet auf Mauern geklebt, die \u201esprachlos und kalt\u201c anmuten. (<em>Gestaltung Plakat und Postkarte: <a href=\"https:\/\/design.in-fluenz.de\/\">design@in-fluenz.de<\/a><\/em>)<\/p>\n<p><a href=\"http:\/\/www.schuppen68.de\/wp-content\/uploads\/2020\/03\/H\u00f6lderlin-Plakat-Ihmezentrum.jpg\"><img decoding=\"async\" loading=\"lazy\" src=\"http:\/\/www.schuppen68.de\/wp-content\/uploads\/2020\/03\/H\u00f6lderlin-Plakat-Ihmezentrum-1024x768.jpg\" alt=\"\" width=\"625\" height=\"469\" class=\"alignnone size-large wp-image-10854\" srcset=\"http:\/\/www.schuppen68.de\/wp-content\/uploads\/2020\/03\/H\u00f6lderlin-Plakat-Ihmezentrum-1024x768.jpg 1024w, http:\/\/www.schuppen68.de\/wp-content\/uploads\/2020\/03\/H\u00f6lderlin-Plakat-Ihmezentrum-300x225.jpg 300w, http:\/\/www.schuppen68.de\/wp-content\/uploads\/2020\/03\/H\u00f6lderlin-Plakat-Ihmezentrum-768x576.jpg 768w, http:\/\/www.schuppen68.de\/wp-content\/uploads\/2020\/03\/H\u00f6lderlin-Plakat-Ihmezentrum-624x468.jpg 624w\" sizes=\"(max-width: 625px) 100vw, 625px\" \/><\/a><br \/>\n<em> Ihme-Zentrum, eine der gr\u00f6\u00dften deutschen Bauruinen.<\/em><br \/>\n<a href=\"http:\/\/www.schuppen68.de\/wp-content\/uploads\/2020\/03\/H\u00f6lderlin-Plakat-H\u00f6lderlinstr..jpg\"><img decoding=\"async\" loading=\"lazy\" src=\"http:\/\/www.schuppen68.de\/wp-content\/uploads\/2020\/03\/H\u00f6lderlin-Plakat-H\u00f6lderlinstr.-768x1024.jpg\" alt=\"\" width=\"625\" height=\"833\" class=\"alignnone size-large wp-image-10855\" srcset=\"http:\/\/www.schuppen68.de\/wp-content\/uploads\/2020\/03\/H\u00f6lderlin-Plakat-H\u00f6lderlinstr.-768x1024.jpg 768w, http:\/\/www.schuppen68.de\/wp-content\/uploads\/2020\/03\/H\u00f6lderlin-Plakat-H\u00f6lderlinstr.-225x300.jpg 225w, http:\/\/www.schuppen68.de\/wp-content\/uploads\/2020\/03\/H\u00f6lderlin-Plakat-H\u00f6lderlinstr.-624x832.jpg 624w, http:\/\/www.schuppen68.de\/wp-content\/uploads\/2020\/03\/H\u00f6lderlin-Plakat-H\u00f6lderlinstr..jpg 1205w\" sizes=\"(max-width: 625px) 100vw, 625px\" \/><\/a><br \/>\n<em>H\u00f6lderlinstr., wo ein st\u00e4dtisches Besch\u00e4ftigungsprojekt f\u00fcr Ein-Euro-Jobs f\u00fcr Langzeiterwerbslose beheimatet ist.<\/em><\/p>\n<p>&#8211; Postkarten mit dem Gedicht werden in B\u00fcrger\u00e4mtern, Freizeitheimen, Kultureinrichtungen, aber auch Kneipen, auf Parkb\u00e4nken und anderen \u00f6ffentlichen Orten verteilt.<br \/>\n&#8211; Eisbl\u00f6cke mit dem Gedicht im Inneren werden vor \u00f6ffentlichen Orten wie Rathaus, Krankenhaus, Schule deponiert.<br \/>\n<a href=\"http:\/\/www.schuppen68.de\/wp-content\/uploads\/2020\/03\/Gedicht-Eisblock-Rathaus-Hannover-1.jpg\"><img decoding=\"async\" loading=\"lazy\" src=\"http:\/\/www.schuppen68.de\/wp-content\/uploads\/2020\/03\/Gedicht-Eisblock-Rathaus-Hannover-1-768x1024.jpg\" alt=\"\" width=\"625\" height=\"833\" class=\"alignnone size-large wp-image-10860\" srcset=\"http:\/\/www.schuppen68.de\/wp-content\/uploads\/2020\/03\/Gedicht-Eisblock-Rathaus-Hannover-1-768x1024.jpg 768w, http:\/\/www.schuppen68.de\/wp-content\/uploads\/2020\/03\/Gedicht-Eisblock-Rathaus-Hannover-1-225x300.jpg 225w, http:\/\/www.schuppen68.de\/wp-content\/uploads\/2020\/03\/Gedicht-Eisblock-Rathaus-Hannover-1-624x832.jpg 624w, http:\/\/www.schuppen68.de\/wp-content\/uploads\/2020\/03\/Gedicht-Eisblock-Rathaus-Hannover-1.jpg 1458w\" sizes=\"(max-width: 625px) 100vw, 625px\" \/><\/a><br \/>\n<em>Gedicht Eisblock vor Rathaus Hannover.<\/em><\/p>\n<p>Klaus-Dieter Gleitze, SCHUPPEN 68, betont in seiner PM:<br \/>\n<em>\u201eFriedrich H\u00f6lderlins Lyrik ist einzigartig im deutschen Sprachraum: Rauschhaft, hymnisch, empfindsam, voll \u00fcberw\u00e4ltigender Bilder, mitunter r\u00e4tselhaft, suchend. Anders als seine Zeitgenossen, der gravit\u00e4tische Gro\u00dfreime-Macher Johann Wolfgang von Goethe oder der spie\u00dfige Schlichtvers-Schmieder Friedrich \u201eFest gemauert in der Erden\u201c Schiller, fand er zu Lebzeiten nicht die Anerkennung, die er verdient h\u00e4tte. Verzweifelt an den Umst\u00e4nden und psychisch erkrankt verbrachte er die zweite H\u00e4lfte seines Lebens im sp\u00e4ter nach ihm benannten \u201eH\u00f6lderlin-Turm\u201c in T\u00fcbingen unter der Betreuung des Schreinermeister Zimmer.<br \/>\n Wie zeitgem\u00e4\u00df ist H\u00f6lderlin noch, jenseits der Magie und Faszination seiner Sprache? Seine Philosophie der Einheit von Mensch und Natur ist im Zeitalter \u00f6kologischer Katastrophen aktueller denn je. Und angesichts von wachsendem Faschismus, Rechtsterrorismus und allt\u00e4glicher dialogferner Verrohung ist das Ende von \u201eH\u00e4lfte des Lebens\u201c eine poetische Vision:<\/em><br \/>\n<em>\u201e \u2026.<br \/>\nDie Mauern stehn,<br \/>\nSprachlos und kalt, im Winde<br \/>\nKlirren die Fahnen.\u201c<\/em><br \/>\nOb Gedichte Trost in tr\u00fcben Tagen sind, ermuntern, aufheitern, liegt in den Augen der Leser*innen.  Sich darauf einzulassen, lohnt allemal. Dazu soll die kleine Intervention beitragen.<br \/>\nFolgen Sie den Spuren der Partisanen der Poesie!&#8220;<\/p>\n<p>Die volle PM gibt&#8217;s hier <a href=\"http:\/\/www.schuppen68.de\/wp-content\/uploads\/2020\/03\/PM-SCHUPPEN-68-Aktion-zu-250-Jahre-Friedrich-H\u00f6lderlin.pdf\">PM SCHUPPEN 68 Aktion zu 250 Jahre Friedrich H\u00f6lderlin<\/a><\/p>\n","protected":false},"excerpt":{"rendered":"<p>Am 20. M\u00e4rz 2020 j\u00e4hrt sich zum 250. Mal der Geburtstag des Dichters Friedrich H\u00f6lderlin. Aus diesem Anlass findet in Hannover den M\u00e4rz \u00fcber die Intervention \u201eIm Winde klirren die Fahnen\u201c des K\u00fcnstlernetzwerks SCHUPPEN 68 statt. Sie ist ein Beitrag zur W\u00fcrdigung und Verbreitung des Werks von Friedrich H\u00f6lderlin. Im Zentrum der Intervention steht sein [&hellip;]<\/p>\n","protected":false},"author":1,"featured_media":0,"comment_status":"open","ping_status":"open","sticky":false,"template":"","format":"standard","meta":[],"categories":[5],"tags":[],"_links":{"self":[{"href":"http:\/\/www.schuppen68.de\/index.php?rest_route=\/wp\/v2\/posts\/10853"}],"collection":[{"href":"http:\/\/www.schuppen68.de\/index.php?rest_route=\/wp\/v2\/posts"}],"about":[{"href":"http:\/\/www.schuppen68.de\/index.php?rest_route=\/wp\/v2\/types\/post"}],"author":[{"embeddable":true,"href":"http:\/\/www.schuppen68.de\/index.php?rest_route=\/wp\/v2\/users\/1"}],"replies":[{"embeddable":true,"href":"http:\/\/www.schuppen68.de\/index.php?rest_route=%2Fwp%2Fv2%2Fcomments&post=10853"}],"version-history":[{"count":6,"href":"http:\/\/www.schuppen68.de\/index.php?rest_route=\/wp\/v2\/posts\/10853\/revisions"}],"predecessor-version":[{"id":10863,"href":"http:\/\/www.schuppen68.de\/index.php?rest_route=\/wp\/v2\/posts\/10853\/revisions\/10863"}],"wp:attachment":[{"href":"http:\/\/www.schuppen68.de\/index.php?rest_route=%2Fwp%2Fv2%2Fmedia&parent=10853"}],"wp:term":[{"taxonomy":"category","embeddable":true,"href":"http:\/\/www.schuppen68.de\/index.php?rest_route=%2Fwp%2Fv2%2Fcategories&post=10853"},{"taxonomy":"post_tag","embeddable":true,"href":"http:\/\/www.schuppen68.de\/index.php?rest_route=%2Fwp%2Fv2%2Ftags&post=10853"}],"curies":[{"name":"wp","href":"https:\/\/api.w.org\/{rel}","templated":true}]}}