{"id":10921,"date":"2020-03-29T15:42:23","date_gmt":"2020-03-29T09:42:23","guid":{"rendered":"http:\/\/www.schuppen68.de\/?p=10921"},"modified":"2020-03-29T15:47:22","modified_gmt":"2020-03-29T09:47:22","slug":"29-03-2020-wie-ich-einmal-stolzfrech-satirisch-an-humorgrenzen-ruettelte","status":"publish","type":"post","link":"http:\/\/www.schuppen68.de\/?p=10921","title":{"rendered":"29.03.2020 \u2013 Wie ich einmal stolzfrech satirisch an Humorgrenzen r\u00fcttelte"},"content":{"rendered":"<p><a href=\"http:\/\/www.schuppen68.de\/wp-content\/uploads\/2020\/03\/200328taz-Aktionsk\u00fcnstler-Gleitze-2.jpg\"><img decoding=\"async\" loading=\"lazy\" src=\"http:\/\/www.schuppen68.de\/wp-content\/uploads\/2020\/03\/200328taz-Aktionsk\u00fcnstler-Gleitze-2-1024x559.jpg\" alt=\"\" width=\"625\" height=\"341\" class=\"alignnone size-large wp-image-10922\" srcset=\"http:\/\/www.schuppen68.de\/wp-content\/uploads\/2020\/03\/200328taz-Aktionsk\u00fcnstler-Gleitze-2-1024x559.jpg 1024w, http:\/\/www.schuppen68.de\/wp-content\/uploads\/2020\/03\/200328taz-Aktionsk\u00fcnstler-Gleitze-2-300x164.jpg 300w, http:\/\/www.schuppen68.de\/wp-content\/uploads\/2020\/03\/200328taz-Aktionsk\u00fcnstler-Gleitze-2-768x420.jpg 768w, http:\/\/www.schuppen68.de\/wp-content\/uploads\/2020\/03\/200328taz-Aktionsk\u00fcnstler-Gleitze-2-624x341.jpg 624w\" sizes=\"(max-width: 625px) 100vw, 625px\" \/><\/a><br \/>\n<em>taz Artikel \u00fcber die M\u00e4rz Intervention zum 250. Geburtstag von H\u00f6lderlin.<\/em> Der Artikel hat mir aus zwei Gr\u00fcnden gefallen: 1. Fehlt ihm der hohe Ton, der H\u00f6lderlin Artikel sonst mit weihevoller Bildungsb\u00fcrgerhuberei durchweht und damit hat der Artikel den grunds\u00e4tzlichen Ansatz meiner Interventionen auch im Duktus getroffen \u2013 bei aller Ernsthaftigkeit des Anliegens und aller Autonomie der Kunst sollte in allem ein heiter-leichtes Augenzwinkern wirken, als ob ein Taschentuch im Windhauch unter dem Gel\u00e4chter der Musen zu Boden schwebt. So ungef\u00e4hr jedenfalls, ich bin ja kein H\u00f6lderlin des Sprachgesangs sondern eher Hufschmid der Satire. 2. Grund: Mir gef\u00e4llt jeder Artikel \u00fcber mich. Ein Kulturarbeiter, der behauptet, er sei nicht eitel, l\u00fcgt oder ist anders begabt (= voll bekloppt) in seiner Selbstwahrnehmung.<br \/>\nMeine Selbstwahrnehmung sagt mir gerade, dass ich ein Idiot wie jeder andere bin. Bei der im Artikel erw\u00e4hnten Performance Anfang M\u00e4rz hatte ich mich \u00fcber G\u00e4ste mokiert, die sich umarmten und H\u00e4nde sch\u00fcttelten. Aber ich war selber als Performer mitten drin.<br \/>\n<a href=\"http:\/\/www.schuppen68.de\/wp-content\/uploads\/2020\/03\/performance.jpg\"><img decoding=\"async\" loading=\"lazy\" src=\"http:\/\/www.schuppen68.de\/wp-content\/uploads\/2020\/03\/performance-684x1024.jpg\" alt=\"\" width=\"625\" height=\"936\" class=\"alignnone size-large wp-image-10923\" srcset=\"http:\/\/www.schuppen68.de\/wp-content\/uploads\/2020\/03\/performance-684x1024.jpg 684w, http:\/\/www.schuppen68.de\/wp-content\/uploads\/2020\/03\/performance-200x300.jpg 200w, http:\/\/www.schuppen68.de\/wp-content\/uploads\/2020\/03\/performance-768x1150.jpg 768w, http:\/\/www.schuppen68.de\/wp-content\/uploads\/2020\/03\/performance-624x934.jpg 624w, http:\/\/www.schuppen68.de\/wp-content\/uploads\/2020\/03\/performance.jpg 1416w\" sizes=\"(max-width: 625px) 100vw, 625px\" \/><\/a><br \/>\n<em>Corona Performance, <a href=\"http:\/\/www.schuppen68.de\/?p=10891\">die Handschuhe fanden auch hier Erw\u00e4hnung<\/a> ..<\/em><br \/>\nDer Median der <a href=\"https:\/\/www.rki.de\/DE\/Content\/InfAZ\/N\/Neuartiges_Coronavirus\/Steckbrief.html#doc13776792bodyText4\">Corona-Inkubationszeit liegt bei 5-6 Tagen<\/a> in einer Spannweite von 1 \u2013 14 Tagen. Ich bin dar\u00fcber wech, aber woher wei\u00df ich, ob ich nicht als Virustr\u00e4ger bei eigener milder Symptomatik, die ich von meinem morgendlichen R\u00f6cheln auf Grund der Wohnsituation an der dreckigsten Stra\u00dfe des Universums nicht unterscheiden konnte, jemanden aus einer Hochrisikogruppe angesteckt habe \u2026. Nat\u00fcrlich habe ich mich am n\u00e4chsten Tag f\u00fcr meine Idiotie gescholten, die Performance gemacht zu haben, aber schei\u00df auf den n\u00e4chsten Tag. In Krisenzeiten ist heute der Tag der Entscheidung, nicht morgen.<br \/>\nSoweit das Wort zum Sonntag. Unser Krisenbewusstsein ist evolutionsbiologisch wohl immer noch auf das Erscheinen des S\u00e4belzahntigers in unserer H\u00f6hle oder den Speer-Angriff der Horde aus der Nachbarh\u00f6hle ausgerichtet. Den notwendigen Adrenalin-Aussto\u00df, der uns die Kraft und F\u00e4higkeit zum \u00dcberleben verleiht, gibt es nur im direkten Reiz-Reaktionsmoment: S\u00e4belzahn, Adrenalin, sofortige Flucht oder direkter Angriff. Auf sowas abstraktes wie Virus oder \u00d6kokatastrophe reagieren wir verhalten, nur \u00fcber Bewusstsein, bis auf die Hochrisikogruppen, die reale Angst haben und Zuhause bleiben, Fluchtreflex. Also reagieren wir oft idiotisch, wie ich. Pater peccavi \u2026<br \/>\nUnd was kommt am Ende hinten dabei raus? Jetzt ist die Zeit der Krisenszenarien, die Zeit der gro\u00dfen Schwafler wie <a href=\"https:\/\/de.wikipedia.org\/wiki\/Matthias_Horx\">Matthias Horx<\/a>,  selbsternannter Zukunftsforscher, abgebrochener Soziologiestudent, fr\u00fcher linksradikaler  Autor beim <a href=\"https:\/\/de.wikipedia.org\/wiki\/Pflasterstrand\">Pflasterstrand<\/a> , Motto \u201eLinks von uns ist nur die Wand\u201c. Sp\u00e4ter als geheilt entlassen in die Welt des real existierenden Neoliberalismus mit schwerer Schlagseite nach rechts, wie bei der <a href=\"https:\/\/de.wikipedia.org\/wiki\/Die_Achse_des_Guten\">Achse des Guten<\/a>.<br \/>\nLiebe Leserinnen, h\u00f6ren Sie nur auf meine Krisenszenarien! Ich bin der wahre Futurologe:<br \/>\nSzenario 1: Die postcoronale Welt wird sich wandeln.<br \/>\nSzenario 2: Alles bleibt wie es ist.<br \/>\nR\u00fctteln geh\u00f6rt zum Handwerk. \u00dcbrigens nicht nur in der Satire, sondern auch in der <a href=\"https:\/\/www.germanwine.de\/remuage.html\">Sektherstellung<\/a>.<br \/>\nProst und eine gesunde Woche, liebe Lesende.<\/p>\n","protected":false},"excerpt":{"rendered":"<p>taz Artikel \u00fcber die M\u00e4rz Intervention zum 250. Geburtstag von H\u00f6lderlin. Der Artikel hat mir aus zwei Gr\u00fcnden gefallen: 1. Fehlt ihm der hohe Ton, der H\u00f6lderlin Artikel sonst mit weihevoller Bildungsb\u00fcrgerhuberei durchweht und damit hat der Artikel den grunds\u00e4tzlichen Ansatz meiner Interventionen auch im Duktus getroffen \u2013 bei aller Ernsthaftigkeit des Anliegens und aller [&hellip;]<\/p>\n","protected":false},"author":1,"featured_media":0,"comment_status":"open","ping_status":"open","sticky":false,"template":"","format":"standard","meta":[],"categories":[5],"tags":[],"_links":{"self":[{"href":"http:\/\/www.schuppen68.de\/index.php?rest_route=\/wp\/v2\/posts\/10921"}],"collection":[{"href":"http:\/\/www.schuppen68.de\/index.php?rest_route=\/wp\/v2\/posts"}],"about":[{"href":"http:\/\/www.schuppen68.de\/index.php?rest_route=\/wp\/v2\/types\/post"}],"author":[{"embeddable":true,"href":"http:\/\/www.schuppen68.de\/index.php?rest_route=\/wp\/v2\/users\/1"}],"replies":[{"embeddable":true,"href":"http:\/\/www.schuppen68.de\/index.php?rest_route=%2Fwp%2Fv2%2Fcomments&post=10921"}],"version-history":[{"count":4,"href":"http:\/\/www.schuppen68.de\/index.php?rest_route=\/wp\/v2\/posts\/10921\/revisions"}],"predecessor-version":[{"id":10927,"href":"http:\/\/www.schuppen68.de\/index.php?rest_route=\/wp\/v2\/posts\/10921\/revisions\/10927"}],"wp:attachment":[{"href":"http:\/\/www.schuppen68.de\/index.php?rest_route=%2Fwp%2Fv2%2Fmedia&parent=10921"}],"wp:term":[{"taxonomy":"category","embeddable":true,"href":"http:\/\/www.schuppen68.de\/index.php?rest_route=%2Fwp%2Fv2%2Fcategories&post=10921"},{"taxonomy":"post_tag","embeddable":true,"href":"http:\/\/www.schuppen68.de\/index.php?rest_route=%2Fwp%2Fv2%2Ftags&post=10921"}],"curies":[{"name":"wp","href":"https:\/\/api.w.org\/{rel}","templated":true}]}}