{"id":16781,"date":"2026-01-17T18:24:10","date_gmt":"2026-01-17T12:24:10","guid":{"rendered":"https:\/\/www.schuppen68.de\/?p=16781"},"modified":"2026-01-18T12:48:59","modified_gmt":"2026-01-18T06:48:59","slug":"17-01-2026-tod-und-irrsinn","status":"publish","type":"post","link":"http:\/\/www.schuppen68.de\/?p=16781","title":{"rendered":"17.01.2026 \u2013 Tod und Irrsinn"},"content":{"rendered":"\n<figure class=\"wp-block-image size-large\"><a href=\"https:\/\/www.schuppen68.de\/wp-content\/uploads\/2026\/01\/20260117_120031-scaled.jpg\"><img decoding=\"async\" loading=\"lazy\" width=\"1024\" height=\"646\" src=\"https:\/\/www.schuppen68.de\/wp-content\/uploads\/2026\/01\/20260117_120031-1024x646.jpg\" alt=\"\" class=\"wp-image-16782\" srcset=\"http:\/\/www.schuppen68.de\/wp-content\/uploads\/2026\/01\/20260117_120031-1024x646.jpg 1024w, http:\/\/www.schuppen68.de\/wp-content\/uploads\/2026\/01\/20260117_120031-300x189.jpg 300w, http:\/\/www.schuppen68.de\/wp-content\/uploads\/2026\/01\/20260117_120031-768x484.jpg 768w, http:\/\/www.schuppen68.de\/wp-content\/uploads\/2026\/01\/20260117_120031-1536x969.jpg 1536w, http:\/\/www.schuppen68.de\/wp-content\/uploads\/2026\/01\/20260117_120031-2048x1291.jpg 2048w, http:\/\/www.schuppen68.de\/wp-content\/uploads\/2026\/01\/20260117_120031-624x393.jpg 624w\" sizes=\"(max-width: 1024px) 100vw, 1024px\" \/><\/a><\/figure>\n\n\n\n<p>Deine K\u00fcsten, deine Str\u00e4nde,<\/p>\n\n\n\n<p>Deine Buchten ohne Ende,<\/p>\n\n\n\n<p>Nichts kommt Deinen M\u00f6wen gleich,<\/p>\n\n\n\n<p>Meerumtostes \u00d6sterreich!<\/p>\n\n\n\n<p>Thomas Stethin. Undatiert. Freund und Kollege, unter anderem bei meinem Zeitungsprojekt NETZ \u2013 Nieders\u00e4chsische Teilhabe Zeitung. Die Zeichnung oben ist hier in eine<a href=\"https:\/\/www.landesarmutskonferenz-niedersachsen.de\/wp-content\/uploads\/2016\/06\/NETZ-Nieders%C3%A4chsische-Teilhabe-Zeitung-Nr.-4.pdf\">r Ausgabe von 2016 <\/a>auf Seite 6 abgebildet  . Das Original ist in meinem Besitz<\/p>\n\n\n\n<figure class=\"wp-block-image size-large\"><a href=\"https:\/\/www.schuppen68.de\/wp-content\/uploads\/2026\/01\/IMG-20260117-WA0001-scaled.jpg\"><img decoding=\"async\" loading=\"lazy\" width=\"1024\" height=\"452\" src=\"https:\/\/www.schuppen68.de\/wp-content\/uploads\/2026\/01\/IMG-20260117-WA0001-1024x452.jpg\" alt=\"\" class=\"wp-image-16783\" srcset=\"http:\/\/www.schuppen68.de\/wp-content\/uploads\/2026\/01\/IMG-20260117-WA0001-1024x452.jpg 1024w, http:\/\/www.schuppen68.de\/wp-content\/uploads\/2026\/01\/IMG-20260117-WA0001-300x132.jpg 300w, http:\/\/www.schuppen68.de\/wp-content\/uploads\/2026\/01\/IMG-20260117-WA0001-768x339.jpg 768w, http:\/\/www.schuppen68.de\/wp-content\/uploads\/2026\/01\/IMG-20260117-WA0001-1536x678.jpg 1536w, http:\/\/www.schuppen68.de\/wp-content\/uploads\/2026\/01\/IMG-20260117-WA0001-2048x904.jpg 2048w, http:\/\/www.schuppen68.de\/wp-content\/uploads\/2026\/01\/IMG-20260117-WA0001-624x275.jpg 624w\" sizes=\"(max-width: 1024px) 100vw, 1024px\" \/><\/a><\/figure>\n\n\n\n<p>HAZ, 15.01.2026. Wann er genau starb, ist nicht bekannt. Die schr\u00e4ge Genialit\u00e4t seines Schaffens erkl\u00e4rt sich sehr stark aus seinem Lebensweg<\/p>\n\n\n\n<p>Mitunter habe ich das Gef\u00fchl, die eine H\u00e4lfte der Freunde ist soeben gestorben, die andere H\u00e4lfte gerade dabei und dem Rest geht es auch nicht besonders. <\/p>\n\n\n\n<p>Der Blick in die Weltlage erheitert auch nicht gerade. Rotlackierte Faschisten und Antisemiten mobilisieren nach Leipzig, um Israelunterst\u00fctzer*innen zu terrorisieren, vornweg die sogenannte Antifa. Mit dabei u. a. eine pro-pal\u00e4stinensische Gruppe namens Handala, Hamas-Sympathisanten. Die Hamas war ohne die Unterst\u00fctzung des klerikalfaschistischen &nbsp;Regimes im Iran nicht denkbar. Wes Geistes Kind die rotlackierten Faschisten von Leipzig sind, ist an den m\u00f6rderischen Wahlverwandtschaften bis Teheran abzulesen. <a href=\"https:\/\/www.lvz.de\/lokales\/leipzig\/linke-demos-in-connewitz-finden-statt-mehr-als-3000-teilnehmer-erwartet-RPN56DNZGVA43IW5PVRCJDSTUE.html\">Linke haben zu Gegendemos aufgerufe<\/a>n<\/p>\n\n\n\n<p>Linke gegen Pseudolinke und mittendrin die waschechten Nazis von den Freien Sachsen, die sich mit gekonnter Satire \u201eMigrantifa vs. antideutsche Antifa: Freie Sachsen liefern das Popcorn\u201c \u00fcber dieses groteske Theater lustig machen.<\/p>\n\n\n\n<p>Leider kann ich zur Zeit meinem Impuls durch Auswandern diesem Irrsinn zu entgehen, nicht nachkommen. Dringende Termine \u2026. Meinem Impuls, die gute alte Glock einzupacken und in Leipzig f\u00fcr Ordnung zu sorgen, kann ich auch nicht nachkommen. Restpazifismus, Humanismus und vor allem der dringende Wunsch, nicht auf eine Stufe wie jene dort abzusinken, halten mich davon ab.<\/p>\n\n\n\n<p>Warum sitzt der Antisemitismus eigentlich so tief, so unverr\u00fcckbar in der deutschen Volksseele, bis weit hinein ins linke und Kulturschaffende Milieu?&nbsp; Die antisemitischen Codes, Bilder, Erz\u00e4hlungen sind Jahrhunderte alt, haben sich tief ins Unterbewusstsein eingeschliffen, jenseits der Ebene von Argument, Vernunft, Ratio. Ein kleines Beispiel: Wilhelm Busch mit der Geschichte \u201e<a href=\"https:\/\/de.wikipedia.org\/wiki\/Die_fromme_Helene\">Die fromme Helene\u201c<\/a>.  Grandioser Comic, geh\u00f6rt zum Bildungskanon, ich habe das als kleiner P\u00f6ks begeistert mit roten Ohren verschlungen. Die Geschichte ist, und das verschweigt Wikipedia interessanterweise, mit niedertr\u00e4chtigem Antisemitismus versehen und zeichnet ein Bild vom Juden, wie es sp\u00e4ter im Nazi-Hetzblatt \u201eSt\u00fcrmer\u201c zu sehen sein wird. Zitat: <em>\u2026..<\/em><\/p>\n\n\n\n<p><em>Und der Jud mit krummer Ferse,<br \/>Krummer Nas&#8216; und krummer Hos&#8216;<br \/>Schl\u00e4ngelt sich zur hohen B\u00f6rse<br \/>Tiefverderbt und seelenlos.\u2026 .<\/em><\/p>\n\n\n\n<p>Nebenbei ist die Geschichte von einem pessimistischen Antimodernismus und einer tiefen Frauenverachtung gepr\u00e4gt. Helene ist frech, aufm\u00fcpfig, dem Alkohol zugetan, sexuell selbstbestimmt. Zur Strafe (\u201eUnd die Moral von der Geschicht \u2026.\u201c) wird sie von Busch ermordet. Sie stirbt einen grausamen Flammentod. Dass Busch Sadist war, ist durch Max und Moritz bekannt. Dass er gl\u00fchender Antisemit war, Antimodernist und misogyn, wird gerne unter den Teppich in der Bibliothek des doitschen B\u00fcrgertums gekehrt. Aus dessen Elternh\u00e4usern nicht wenige der rotlackierten Faschisten stammen.<\/p>\n","protected":false},"excerpt":{"rendered":"<p>Deine K\u00fcsten, deine Str\u00e4nde, Deine Buchten ohne Ende, Nichts kommt Deinen M\u00f6wen gleich, Meerumtostes \u00d6sterreich! Thomas Stethin. Undatiert. Freund und Kollege, unter anderem bei meinem Zeitungsprojekt NETZ \u2013 Nieders\u00e4chsische Teilhabe Zeitung. Die Zeichnung oben ist hier in einer Ausgabe von 2016 auf Seite 6 abgebildet . Das Original ist in meinem Besitz HAZ, 15.01.2026. Wann [&hellip;]<\/p>\n","protected":false},"author":1,"featured_media":0,"comment_status":"open","ping_status":"open","sticky":false,"template":"","format":"standard","meta":[],"categories":[5],"tags":[],"_links":{"self":[{"href":"http:\/\/www.schuppen68.de\/index.php?rest_route=\/wp\/v2\/posts\/16781"}],"collection":[{"href":"http:\/\/www.schuppen68.de\/index.php?rest_route=\/wp\/v2\/posts"}],"about":[{"href":"http:\/\/www.schuppen68.de\/index.php?rest_route=\/wp\/v2\/types\/post"}],"author":[{"embeddable":true,"href":"http:\/\/www.schuppen68.de\/index.php?rest_route=\/wp\/v2\/users\/1"}],"replies":[{"embeddable":true,"href":"http:\/\/www.schuppen68.de\/index.php?rest_route=%2Fwp%2Fv2%2Fcomments&post=16781"}],"version-history":[{"count":2,"href":"http:\/\/www.schuppen68.de\/index.php?rest_route=\/wp\/v2\/posts\/16781\/revisions"}],"predecessor-version":[{"id":16785,"href":"http:\/\/www.schuppen68.de\/index.php?rest_route=\/wp\/v2\/posts\/16781\/revisions\/16785"}],"wp:attachment":[{"href":"http:\/\/www.schuppen68.de\/index.php?rest_route=%2Fwp%2Fv2%2Fmedia&parent=16781"}],"wp:term":[{"taxonomy":"category","embeddable":true,"href":"http:\/\/www.schuppen68.de\/index.php?rest_route=%2Fwp%2Fv2%2Fcategories&post=16781"},{"taxonomy":"post_tag","embeddable":true,"href":"http:\/\/www.schuppen68.de\/index.php?rest_route=%2Fwp%2Fv2%2Ftags&post=16781"}],"curies":[{"name":"wp","href":"https:\/\/api.w.org\/{rel}","templated":true}]}}