{"id":16811,"date":"2026-01-27T16:32:30","date_gmt":"2026-01-27T10:32:30","guid":{"rendered":"http:\/\/www.schuppen68.de\/?p=16811"},"modified":"2026-01-27T16:52:42","modified_gmt":"2026-01-27T10:52:42","slug":"27-01-2026-der-tag-erwischte-mich-mit-einem-leberhaken","status":"publish","type":"post","link":"http:\/\/www.schuppen68.de\/?p=16811","title":{"rendered":"27.01.2026 \u2013 Der Tag erwischte mich mit einem Leberhaken."},"content":{"rendered":"\n<figure class=\"wp-block-image size-large\"><a href=\"http:\/\/www.schuppen68.de\/wp-content\/uploads\/2026\/01\/desktophintergrund-scaled.jpg\"><img decoding=\"async\" loading=\"lazy\" width=\"1024\" height=\"768\" src=\"http:\/\/www.schuppen68.de\/wp-content\/uploads\/2026\/01\/desktophintergrund-1024x768.jpg\" alt=\"\" class=\"wp-image-16812\" srcset=\"http:\/\/www.schuppen68.de\/wp-content\/uploads\/2026\/01\/desktophintergrund-1024x768.jpg 1024w, http:\/\/www.schuppen68.de\/wp-content\/uploads\/2026\/01\/desktophintergrund-300x225.jpg 300w, http:\/\/www.schuppen68.de\/wp-content\/uploads\/2026\/01\/desktophintergrund-768x576.jpg 768w, http:\/\/www.schuppen68.de\/wp-content\/uploads\/2026\/01\/desktophintergrund-1536x1152.jpg 1536w, http:\/\/www.schuppen68.de\/wp-content\/uploads\/2026\/01\/desktophintergrund-2048x1536.jpg 2048w, http:\/\/www.schuppen68.de\/wp-content\/uploads\/2026\/01\/desktophintergrund-624x468.jpg 624w\" sizes=\"(max-width: 1024px) 100vw, 1024px\" \/><\/a><\/figure>\n\n\n\n<p>Mein Desktophintergrund. Nicht gerade sehr intelligent, sich sowas auf den Laptop zu legen, bei diesem grauenhaften Winter ohne Ende. Nat\u00fcrlich kommt da sofort Fernweh auf. Im Hintergrund sind dort die Diapontischen Inseln im Bild, die nordwestlichste griechische Inselgruppe. Die linke Insel ist Mathraki. Abgesehen davon, dass ich bei der letzten \u00dcberfahrt fast vom Deck der F\u00e4hre gesp\u00fclt worden w\u00e4re, ein kleines Paradies.<\/p>\n\n\n\n<figure class=\"wp-block-image size-large\"><a href=\"http:\/\/www.schuppen68.de\/wp-content\/uploads\/2026\/01\/20251013_124306_resized.jpg\"><img decoding=\"async\" loading=\"lazy\" width=\"1024\" height=\"768\" src=\"http:\/\/www.schuppen68.de\/wp-content\/uploads\/2026\/01\/20251013_124306_resized-1024x768.jpg\" alt=\"\" class=\"wp-image-16813\" srcset=\"http:\/\/www.schuppen68.de\/wp-content\/uploads\/2026\/01\/20251013_124306_resized-1024x768.jpg 1024w, http:\/\/www.schuppen68.de\/wp-content\/uploads\/2026\/01\/20251013_124306_resized-300x225.jpg 300w, http:\/\/www.schuppen68.de\/wp-content\/uploads\/2026\/01\/20251013_124306_resized-768x576.jpg 768w, http:\/\/www.schuppen68.de\/wp-content\/uploads\/2026\/01\/20251013_124306_resized-1536x1152.jpg 1536w, http:\/\/www.schuppen68.de\/wp-content\/uploads\/2026\/01\/20251013_124306_resized-2048x1536.jpg 2048w, http:\/\/www.schuppen68.de\/wp-content\/uploads\/2026\/01\/20251013_124306_resized-624x468.jpg 624w\" sizes=\"(max-width: 1024px) 100vw, 1024px\" \/><\/a><\/figure>\n\n\n\n<p>Zwei Weiler mit einer Taverne<\/p>\n\n\n\n<figure class=\"wp-block-image size-large\"><a href=\"http:\/\/www.schuppen68.de\/wp-content\/uploads\/2026\/01\/20251013_124631_resized.jpg\"><img decoding=\"async\" loading=\"lazy\" width=\"1024\" height=\"768\" src=\"http:\/\/www.schuppen68.de\/wp-content\/uploads\/2026\/01\/20251013_124631_resized-1024x768.jpg\" alt=\"\" class=\"wp-image-16814\" srcset=\"http:\/\/www.schuppen68.de\/wp-content\/uploads\/2026\/01\/20251013_124631_resized-1024x768.jpg 1024w, http:\/\/www.schuppen68.de\/wp-content\/uploads\/2026\/01\/20251013_124631_resized-300x225.jpg 300w, http:\/\/www.schuppen68.de\/wp-content\/uploads\/2026\/01\/20251013_124631_resized-768x576.jpg 768w, http:\/\/www.schuppen68.de\/wp-content\/uploads\/2026\/01\/20251013_124631_resized-1536x1152.jpg 1536w, http:\/\/www.schuppen68.de\/wp-content\/uploads\/2026\/01\/20251013_124631_resized-2048x1536.jpg 2048w, http:\/\/www.schuppen68.de\/wp-content\/uploads\/2026\/01\/20251013_124631_resized-624x468.jpg 624w\" sizes=\"(max-width: 1024px) 100vw, 1024px\" \/><\/a><\/figure>\n\n\n\n<p>Ein paar H\u00f6fe<\/p>\n\n\n\n<figure class=\"wp-block-image size-large\"><a href=\"http:\/\/www.schuppen68.de\/wp-content\/uploads\/2026\/01\/20251013_122048_resized.jpg\"><img decoding=\"async\" loading=\"lazy\" width=\"1024\" height=\"768\" src=\"http:\/\/www.schuppen68.de\/wp-content\/uploads\/2026\/01\/20251013_122048_resized-1024x768.jpg\" alt=\"\" class=\"wp-image-16815\" srcset=\"http:\/\/www.schuppen68.de\/wp-content\/uploads\/2026\/01\/20251013_122048_resized-1024x768.jpg 1024w, http:\/\/www.schuppen68.de\/wp-content\/uploads\/2026\/01\/20251013_122048_resized-300x225.jpg 300w, http:\/\/www.schuppen68.de\/wp-content\/uploads\/2026\/01\/20251013_122048_resized-768x576.jpg 768w, http:\/\/www.schuppen68.de\/wp-content\/uploads\/2026\/01\/20251013_122048_resized-1536x1152.jpg 1536w, http:\/\/www.schuppen68.de\/wp-content\/uploads\/2026\/01\/20251013_122048_resized-2048x1536.jpg 2048w, http:\/\/www.schuppen68.de\/wp-content\/uploads\/2026\/01\/20251013_122048_resized-624x468.jpg 624w\" sizes=\"(max-width: 1024px) 100vw, 1024px\" \/><\/a><\/figure>\n\n\n\n<p>Alles gr\u00fcn. Und ausgeschildert.<\/p>\n\n\n\n<p>Als Kontrastprogramm dazu schaltete ich heute Morgen wie \u00fcblich den DLF ein und wurde vom Tag mit einem Leberhaken erwischt. Heute ist der 27. Januar, was ich nicht auf dem Schirm hatte. Wozu auch, schlie\u00dflich wartet gerade kein Flieger in den S\u00fcden auf mich, kein OP Termin, die eigene Beerdigung auch nicht, wozu muss ich da das Datum wissen.<\/p>\n\n\n\n<p>Heute ist der Internationale Tag des <a href=\"https:\/\/de.wikipedia.org\/wiki\/Internationaler_Tag_des_Gedenkens_an_die_Opfer_des_Holocaust\">Gedenkens <\/a>an die Opfer des Holocaust  . An diesem Tag befreite die Rote Armee 1945 das Vernichtungslager Auschwitz-Birkenau. Nachdem ich n\u00fcchterne und sachliche Schilderungen ihrer Wahrnehmungen und Empfindungen von mehreren J\u00fcd*innen geh\u00f6rt hatte, die teils seit vielen Jahren in Berlin leben, schaltete ich den Sender aus. Ich merkte, wie Wut und Traurigkeit mein Gem\u00fct verfinsterten. Seit dem 7. Oktober, dem \u00dcberfall der faschistischen Hamas auf Israel, ist f\u00fcr sie und viele andere J\u00fcd*innen hier nichts mehr normal im Land der T\u00e4ter. Fanatischer migrantischer Antisemitismus auf den Stra\u00dfen nicht nur von Neuk\u00f6lln und Kreuzberg, mit massiver Unterst\u00fctzung aus der Linken und seitens der hiesigen Kulturbolschewisten. Das ist keine diffuse Bedrohungslage, das ist der Alltag, in dem man und frau immer \u00f6fter \u00fcber die Schulter guckt, reale allt\u00e4gliche antisemitische Gewalt schwebt \u00fcber Berlin und dem Rest der Republik. Die J\u00fcd*innen hierzulande lernen hebr\u00e4isch und sitzen auf gepackten Koffern. Insignien ihres J\u00fcdisch-Seins wie Kippa, Davidstern etc. tragen sie schon lange nicht mehr in der \u00d6ffentlichkeit.<\/p>\n\n\n\n<p>Ich k\u00f6nnte mir jetzt Sand in den Kopf stecken, Koffer packen, ab in den S\u00fcden, irgendwie komme ich schon nach Mathraki, und die drei Affen machen, nichts sehen, nichts h\u00f6ren, nicht sagen. Eine weise Strategie, wollen die drei sprichw\u00f6rtlichen japanischen Primaten doch damit das B\u00f6se von sich fernhalten und sich auf das Gute konzentrieren. Aber was ist nach der R\u00fcckkehr und wo ist das Gute? In meinem Weinkeller vielleicht, aber sonst\u2026 ?<\/p>\n\n\n\n<p>Ich k\u00f6nnte der Wut nachgeben und hier im Blog verbal rumtoben. Hilft als therapeutischer Akt der Katharsis durchaus kurzfristig und irgendwann ist ja auch 28. Januar.<\/p>\n\n\n\n<p>Konstruktiver f\u00fcr das Gem\u00fct ist wahrscheinlich das Einschalten von Vernunft, Ratio und die Suche nach Argumenten, wie umgehen mit der Situation. Also dem migrantischen, linken, kulturellen Antisemitismus. Den offen faschistischen lassen wir mal au\u00dfen vor, weil die Strategien hier offensichtlicher sind, repressiver, radikaler, militanter sein m\u00fcssen.<\/p>\n\n\n\n<p>Das Fiese ist ja immer der Feind in den eigenen Reihen. Als solches h\u00e4tte ich zumindest das linke und kulturelle Milieu fr\u00fcher bezeichnet.<\/p>\n\n\n\n<p>Fangen wir mal mit dem migrantischen Antisemitismus an, der \u00fcberwiegend ein importiertes Problem aus dem islamischen Kulturkreis ist, also den Herkunftsl\u00e4ndern von Nordafrika \u00fcber den Nahen und Mittleren Osten bis zur T\u00fcrkei. Eins d\u00fcrfte klar sein: Aufkl\u00e4rungs- und Informationskampagnen sind hier fehl am Platz. Antisemitismus ist ein Wahn, der damit weder erreicht, geschweige denn \u201etherapiert\u201c werden kann.<\/p>\n\n\n\n<p>Soll man also Einwandernde aus diesem Kulturkreis auf Antisemitismus \u00fcberpr\u00fcfen? Das, was Linke fr\u00fcher \u201eGesinnungsschn\u00fcffelei\u201c nannten? Wie misst man Antisemitismus objektiv? Wer misst das, wer ist daf\u00fcr geschult? Inwieweit versch\u00e4rft das antimuslimischen Rassismus? Soll man eingeb\u00fcrgerten Antisemiten nach antisemitischen Straftaten die Staatsangeh\u00f6rigkeit wieder aberkennen, um sie dann ausweisen zu k\u00f6nnen, und wenn ja, wohin dann? Hochkomplex, weil das dem Artikel 16 GG widerspricht. Eine Lehre aus dem Nationalsozialismus, weil damals deutsche J\u00fcd*innen ausgeb\u00fcrgert wurden.<\/p>\n\n\n\n<p>Ein nur kleiner erster Einstieg in diese Materie zeigt, wo da konkret Probleme, Fallstricke, Gefahren liegen. Ein Gutes hat so ein Einstieg allerdings: Die Wut ist erstmals verraucht, der Kopf musste ja arbeiten. Und au\u00dferdem kommt gerade, um 11.24 Uhr, die Sonne kurz durch. Das ist ja mal ein Anfang.<\/p>\n","protected":false},"excerpt":{"rendered":"<p>Mein Desktophintergrund. Nicht gerade sehr intelligent, sich sowas auf den Laptop zu legen, bei diesem grauenhaften Winter ohne Ende. Nat\u00fcrlich kommt da sofort Fernweh auf. Im Hintergrund sind dort die Diapontischen Inseln im Bild, die nordwestlichste griechische Inselgruppe. Die linke Insel ist Mathraki. Abgesehen davon, dass ich bei der letzten \u00dcberfahrt fast vom Deck der [&hellip;]<\/p>\n","protected":false},"author":1,"featured_media":0,"comment_status":"open","ping_status":"open","sticky":false,"template":"","format":"standard","meta":[],"categories":[5],"tags":[],"_links":{"self":[{"href":"http:\/\/www.schuppen68.de\/index.php?rest_route=\/wp\/v2\/posts\/16811"}],"collection":[{"href":"http:\/\/www.schuppen68.de\/index.php?rest_route=\/wp\/v2\/posts"}],"about":[{"href":"http:\/\/www.schuppen68.de\/index.php?rest_route=\/wp\/v2\/types\/post"}],"author":[{"embeddable":true,"href":"http:\/\/www.schuppen68.de\/index.php?rest_route=\/wp\/v2\/users\/1"}],"replies":[{"embeddable":true,"href":"http:\/\/www.schuppen68.de\/index.php?rest_route=%2Fwp%2Fv2%2Fcomments&post=16811"}],"version-history":[{"count":3,"href":"http:\/\/www.schuppen68.de\/index.php?rest_route=\/wp\/v2\/posts\/16811\/revisions"}],"predecessor-version":[{"id":16818,"href":"http:\/\/www.schuppen68.de\/index.php?rest_route=\/wp\/v2\/posts\/16811\/revisions\/16818"}],"wp:attachment":[{"href":"http:\/\/www.schuppen68.de\/index.php?rest_route=%2Fwp%2Fv2%2Fmedia&parent=16811"}],"wp:term":[{"taxonomy":"category","embeddable":true,"href":"http:\/\/www.schuppen68.de\/index.php?rest_route=%2Fwp%2Fv2%2Fcategories&post=16811"},{"taxonomy":"post_tag","embeddable":true,"href":"http:\/\/www.schuppen68.de\/index.php?rest_route=%2Fwp%2Fv2%2Ftags&post=16811"}],"curies":[{"name":"wp","href":"https:\/\/api.w.org\/{rel}","templated":true}]}}