{"id":9177,"date":"2018-06-25T13:07:25","date_gmt":"2018-06-25T07:07:25","guid":{"rendered":"http:\/\/www.schuppen68.de\/?p=9177"},"modified":"2018-06-25T13:07:25","modified_gmt":"2018-06-25T07:07:25","slug":"25-06-2018-waehrend-mir-die-sintflut","status":"publish","type":"post","link":"http:\/\/www.schuppen68.de\/?p=9177","title":{"rendered":"25.06.2018 \u2013 W\u00e4hrend mir die Sintflut"},"content":{"rendered":"<p><a href=\"http:\/\/www.schuppen68.de\/wp-content\/uploads\/2018\/06\/k\u00f6rnerpark-2017.jpg\"><img decoding=\"async\" loading=\"lazy\" src=\"http:\/\/www.schuppen68.de\/wp-content\/uploads\/2018\/06\/k\u00f6rnerpark-2017-768x1024.jpg\" alt=\"\" width=\"625\" height=\"833\" class=\"alignnone size-large wp-image-9178\" srcset=\"http:\/\/www.schuppen68.de\/wp-content\/uploads\/2018\/06\/k\u00f6rnerpark-2017-768x1024.jpg 768w, http:\/\/www.schuppen68.de\/wp-content\/uploads\/2018\/06\/k\u00f6rnerpark-2017-225x300.jpg 225w, http:\/\/www.schuppen68.de\/wp-content\/uploads\/2018\/06\/k\u00f6rnerpark-2017-624x832.jpg 624w, http:\/\/www.schuppen68.de\/wp-content\/uploads\/2018\/06\/k\u00f6rnerpark-2017.jpg 825w\" sizes=\"(max-width: 625px) 100vw, 625px\" \/><\/a><br \/>\n<em>Entwurzelt. Baum nach Sturm Oktober 2017, K\u00f6rnerpark Berlin Neuk\u00f6lln.<\/em><br \/>\n<a href=\"http:\/\/www.schuppen68.de\/wp-content\/uploads\/2018\/06\/galerie-k\u00f6rnerpark-baum.jpg\"><img decoding=\"async\" loading=\"lazy\" src=\"http:\/\/www.schuppen68.de\/wp-content\/uploads\/2018\/06\/galerie-k\u00f6rnerpark-baum-768x1024.jpg\" alt=\"\" width=\"625\" height=\"833\" class=\"alignnone size-large wp-image-9179\" srcset=\"http:\/\/www.schuppen68.de\/wp-content\/uploads\/2018\/06\/galerie-k\u00f6rnerpark-baum-768x1024.jpg 768w, http:\/\/www.schuppen68.de\/wp-content\/uploads\/2018\/06\/galerie-k\u00f6rnerpark-baum-225x300.jpg 225w, http:\/\/www.schuppen68.de\/wp-content\/uploads\/2018\/06\/galerie-k\u00f6rnerpark-baum-624x832.jpg 624w, http:\/\/www.schuppen68.de\/wp-content\/uploads\/2018\/06\/galerie-k\u00f6rnerpark-baum.jpg 825w\" sizes=\"(max-width: 625px) 100vw, 625px\" \/><\/a><br \/>\n<em>Der gleiche Baum als Kunstwerk in einer Ausstellung \u00fcber Flucht und Migration in der Galerie K\u00f6rnerpark, Juni 2018.<\/em><br \/>\nKurz bevor ich im Oktober 2017 den K\u00f6rnerpark aufsuchte, hebelte ein Orkan den \u00fcber 15 Meter hohen ausgewachsenen Baum aus dem Boden. Der Bahnverkehr war wegen des Orkans bundesweit unterbrochen, von Berlin aus fuhr kein ICE mehr. Weil ich zu einem Termin in Hannover musste, machte ich mich auf eine abenteuerliche Reise \u00fcber die D\u00f6rfer durch die Ostzone, die den ganzen Tag dauerte, mit x-mal Umsteigen. Die Reise erinnerte mich gegen Ende an den John Ford Klassiker <a href=\"https:\/\/de.wikipedia.org\/wiki\/Ringo_(1939)\">\u201eStagecoach\u201c<\/a>  .<br \/>\nIch bin der \u00dcberzeugung, dass unsere Art des Wirtschaftens dem Planeten \u00fcber den Jordan hilft. Analog dazu n\u00e4hert sich nach meiner Meinung die politische Verfasstheit der Gesellschaft, in der ich sozialisiert wurde, durch das Handeln ihrer Mitglieder ihrem Ende. Was nach diesem Ende \u2013 und nach dem erw\u00e4hnten Jordan \u2013 kommt, wei\u00df ich nicht. Es ist mir auch ziemlich egal. Ich tue, was ich kann, damit es nicht soweit kommt. Was nicht viel ist, positive Ans\u00e4tze in meiner \u00d6ko-Bilanz werden durch Flugreisen derartig konterkariert, dass ich mich als Ankl\u00e4ger in Sachen \u00d6ko denkbar schlecht eigne. Also halte ich den Ball flach und fr\u00f6ne dem Motto: Nach mir die Sintflut.<br \/>\nWas aber offensichtlich immer weniger hinhaut, siehe Orkane etc. Nicht, dass ich Angst h\u00e4tte, mir w\u00fcrde so ein Baum auf die M\u00fctze prasseln. Aber wenn ich noch wie meine Vorfahren der Agrar\u00f6konomie nachgehen w\u00fcrde, k\u00f6nnte ich mir nach der aktuellen Trockenperiode, deren Ende nicht abzusehen ist, die Kreditkugel geben. Letztes Jahr hat der Hagel den Weizen niedergemetzelt, dieses Jahr hat der sp\u00e4te bittere Frost die Obstbl\u00fcte vernichtet und beinahe meinem Olivenbaum im Garten den Garaus gemacht. Also die Wetterverschiebung infolge des Klimawandels nagt sich schon von den R\u00e4ndern meines Alltagsdenkens zur Mitte hin durch und hinterl\u00e4sst Sedimente in meinen Bewusstseinsschichten.<br \/>\nWas die politische Verfasstheit unserer Gesellschaft angeht, k\u00f6nnte ich mir dauernd an den Kopf fassen ob menschlicher D\u00e4mlichkeit, die hier waltet, wenn ich die H\u00e4nde nicht zum Tippen br\u00e4uchte. Wir bauen also die Festung Europa. Jeder halbwegs gebildete Neandertaler wei\u00df, dass das Ende von Gesellschaften unter anderem durch die aufkommende Ideologie von Festungen, Mauern, W\u00e4llen etc. gekennzeichnet ist. Der Untergang Roms begann in dem Moment, wo die R\u00f6mer den Limes bauten, der Franzmann hatte seine Niederlage im zweiten Weltkrieg besiegelt, als der erste Spatenstich zur Maginotlinie erfolgte und die Ostzone konnte mit Beginn des Mauerbaus schon mal ihr Requiem bestellen. Jede Festung tr\u00e4gt schon in ihrer Planung den Beginn ihres Untergangs. \u201eStarre Befestigungen sind Monumente menschlicher Dummheit.\u201c (General Patton)<br \/>\nIch bin flexibel, der Kopp ist rund, damit das Denken die Richtung \u00e4ndern kann, und \u00e4ndere mein Motto in: W\u00e4hrend mir die Sintflut und Spa\u00df dabei.<br \/>\nUnd bei meinen Besuchen im K\u00f6rnerpark lass ich einfach den Fahrradhelm auf.<\/p>\n","protected":false},"excerpt":{"rendered":"<p>Entwurzelt. Baum nach Sturm Oktober 2017, K\u00f6rnerpark Berlin Neuk\u00f6lln. Der gleiche Baum als Kunstwerk in einer Ausstellung \u00fcber Flucht und Migration in der Galerie K\u00f6rnerpark, Juni 2018. Kurz bevor ich im Oktober 2017 den K\u00f6rnerpark aufsuchte, hebelte ein Orkan den \u00fcber 15 Meter hohen ausgewachsenen Baum aus dem Boden. Der Bahnverkehr war wegen des Orkans [&hellip;]<\/p>\n","protected":false},"author":1,"featured_media":0,"comment_status":"closed","ping_status":"closed","sticky":false,"template":"","format":"standard","meta":[],"categories":[5],"tags":[],"_links":{"self":[{"href":"http:\/\/www.schuppen68.de\/index.php?rest_route=\/wp\/v2\/posts\/9177"}],"collection":[{"href":"http:\/\/www.schuppen68.de\/index.php?rest_route=\/wp\/v2\/posts"}],"about":[{"href":"http:\/\/www.schuppen68.de\/index.php?rest_route=\/wp\/v2\/types\/post"}],"author":[{"embeddable":true,"href":"http:\/\/www.schuppen68.de\/index.php?rest_route=\/wp\/v2\/users\/1"}],"replies":[{"embeddable":true,"href":"http:\/\/www.schuppen68.de\/index.php?rest_route=%2Fwp%2Fv2%2Fcomments&post=9177"}],"version-history":[{"count":1,"href":"http:\/\/www.schuppen68.de\/index.php?rest_route=\/wp\/v2\/posts\/9177\/revisions"}],"predecessor-version":[{"id":9180,"href":"http:\/\/www.schuppen68.de\/index.php?rest_route=\/wp\/v2\/posts\/9177\/revisions\/9180"}],"wp:attachment":[{"href":"http:\/\/www.schuppen68.de\/index.php?rest_route=%2Fwp%2Fv2%2Fmedia&parent=9177"}],"wp:term":[{"taxonomy":"category","embeddable":true,"href":"http:\/\/www.schuppen68.de\/index.php?rest_route=%2Fwp%2Fv2%2Fcategories&post=9177"},{"taxonomy":"post_tag","embeddable":true,"href":"http:\/\/www.schuppen68.de\/index.php?rest_route=%2Fwp%2Fv2%2Ftags&post=9177"}],"curies":[{"name":"wp","href":"https:\/\/api.w.org\/{rel}","templated":true}]}}