{"id":9276,"date":"2018-07-20T11:51:11","date_gmt":"2018-07-20T05:51:11","guid":{"rendered":"http:\/\/www.schuppen68.de\/?p=9276"},"modified":"2018-07-20T17:20:14","modified_gmt":"2018-07-20T11:20:14","slug":"20-07-2018-das-attentat-vom-20-juli-und-die-frage-was-waere-gewesen-wenn","status":"publish","type":"post","link":"http:\/\/www.schuppen68.de\/?p=9276","title":{"rendered":"20.07.2018 \u2013 Das Attentat vom 20. Juli und die Frage, was w\u00e4re gewesen, wenn \u2026?"},"content":{"rendered":"<p><a href=\"http:\/\/www.schuppen68.de\/wp-content\/uploads\/2018\/07\/grab.jpg\"><img decoding=\"async\" loading=\"lazy\" src=\"http:\/\/www.schuppen68.de\/wp-content\/uploads\/2018\/07\/grab-458x1024.jpg\" alt=\"\" width=\"458\" height=\"1024\" class=\"alignnone size-large wp-image-9277\" srcset=\"http:\/\/www.schuppen68.de\/wp-content\/uploads\/2018\/07\/grab-458x1024.jpg 458w, http:\/\/www.schuppen68.de\/wp-content\/uploads\/2018\/07\/grab-134x300.jpg 134w, http:\/\/www.schuppen68.de\/wp-content\/uploads\/2018\/07\/grab.jpg 617w\" sizes=\"(max-width: 458px) 100vw, 458px\" \/><\/a><br \/>\n<em>Opfer und T\u00e4ter.<\/em><br \/>\nIch bin froh, in einer Epoche und einer Region aufgewachsen zu sein, in der es eine bespiellos lange Zeit Frieden gab. Vertreibung, Verschleppung, Vergewaltigung, Zwangsarbeit sind schrecklich, ohne Wenn und Aber. Nach solchen rhetorischen Floskeln kommt fast immer ein Aber, so auch hier. Dieses Denkmal des Volksbund Deutsche Kriegsgr\u00e4berf\u00fcrsorge weist eine kleine aber entscheidende Leerstelle auf: Den Hinweis darauf, dass der hier geschilderte Krieg von Deutschland ausging und alle Konsequenzen daraus in der Verantwortung der T\u00e4ter liegen. Diesem Denkmal h\u00e4tte ein Satz wie: \u201eVon deutschem Boden darf nie wieder Krieg ausgehen\u201c wohl angestanden.<br \/>\nSo ist dieses Denkmal ein empathieloses Beispiel f\u00fcr jenes Selbstmitleid, mit dem eine antifaschistische Aufarbeitung des Terrors, der von deutschem Boden ausging, in der Nachkriegszeit verhindert wurde. Solche Denkm\u00e4ler sind Teile einer Alltagskultur, die in unserem Unterbewusstsein wirksamere Sedimente hinterlie\u00dfen, als alle lyrischen Beschw\u00f6rungsformeln \u00fcber den vermeintlich heldenhaften Widerstand von ein paar adligen antidemokratischen Offizieren am 20. Juli. Viel wirksamer als diese Sonntagspredigten sind auch all die Kriegerdenkm\u00e4ler, die mitten in jeder noch so winzigen 6-H\u00e4usersiedlung ihr todessehns\u00fcchtiges Pathos verbraten, mit Oden an M\u00f6rderbanden wie: \u201eDen Helden zweier Weltkriege\u201c. Famose Helden wie das <a href=\"https:\/\/de.wikipedia.org\/wiki\/Reserve-Polizei-Bataillon_101\">101. Polizeibataillon<\/a>, die hinter der Front im zweiten Weltkrieg 38.000 wehrlose Juden ermordeten. Ordnungsh\u00fcter wohlgemerkt. Keine regul\u00e4ren Wehrmachts- oder gar SS-Einheiten. Hinweise, geschweige denn Denkm\u00e4ler, die an die ermordeten Juden, Sinti und Roma, Homosexuelle etc. erinnern, habe ich in den D\u00f6rfern nie gefunden.<br \/>\nDas hat \u201eunsere\u201c Alltagskultur, unser Bewusstsein gepr\u00e4gt, zusammen mit vielen kleinen Erz\u00e4hlungen wie die von meiner Oma auf meine Frage zum Juden Katz, der irgendwann nicht mehr als fahrender H\u00e4ndler in ihr Dorf im Eichsfeld kam:<br \/>\n\u201eWas meinst Du, was mit dem passiert ist?\u201c<br \/>\n\u201eDen haben sie abgemurkst.\u201c<br \/>\n W\u00f6rtlich, ohne jedes schuldbewusste Rumeiern oder Verdr\u00e4ngen. Solche Formulierung vergisst man nicht, hinter ihnen verbergen sich ganze B\u00e4nde einer gro\u00dfen Erz\u00e4hlung, an deren vorl\u00e4ufigem Ende aktuelle Meldungen stehen wie:<br \/>\n<a href=\"http:\/\/www.spiegel.de\/politik\/deutschland\/antisemitismus-so-viel-judenhass-wie-noch-nie-im-netz-a-1219086.html\">\u201eSoviel Judenhass wie noch nie im Netz.<\/a>\u201c<br \/>\nUnd was w\u00e4re gewesen, wenn das Attentat am 20. Juli erfolgreich gewesen w\u00e4re?<br \/>\nVermutlich w\u00e4re der Verdr\u00e4ngungsprozess der Nachkriegszeit noch verheerender gewesen und wir h\u00e4tten schon seit 30 Jahren sowas wie eine AfD, nur schlimmer.<br \/>\nUnd nun zum Wetter: zur D\u00fcrreperiode in weiten Teile des Landes kommt eine Hitzewelle hinzu. Ein Thinktank des K\u00fcnstlernetzwerkes SCHUPPEN 68 macht den D\u00fcrregeplagten Landwirten in Niedersachsen den Vorschlag, statt wasserintensiver Rinderzucht auf Kamele umzusteigen.<br \/>\nAber auf uns h\u00f6rt ja wieder kein Schwein. Das wird sich bei unserer Aktion zum Sommerloch \u00e4ndern.<br \/>\nStay on tune!<\/p>\n","protected":false},"excerpt":{"rendered":"<p>Opfer und T\u00e4ter. Ich bin froh, in einer Epoche und einer Region aufgewachsen zu sein, in der es eine bespiellos lange Zeit Frieden gab. Vertreibung, Verschleppung, Vergewaltigung, Zwangsarbeit sind schrecklich, ohne Wenn und Aber. Nach solchen rhetorischen Floskeln kommt fast immer ein Aber, so auch hier. Dieses Denkmal des Volksbund Deutsche Kriegsgr\u00e4berf\u00fcrsorge weist eine kleine [&hellip;]<\/p>\n","protected":false},"author":1,"featured_media":0,"comment_status":"open","ping_status":"open","sticky":false,"template":"","format":"standard","meta":[],"categories":[5],"tags":[],"_links":{"self":[{"href":"http:\/\/www.schuppen68.de\/index.php?rest_route=\/wp\/v2\/posts\/9276"}],"collection":[{"href":"http:\/\/www.schuppen68.de\/index.php?rest_route=\/wp\/v2\/posts"}],"about":[{"href":"http:\/\/www.schuppen68.de\/index.php?rest_route=\/wp\/v2\/types\/post"}],"author":[{"embeddable":true,"href":"http:\/\/www.schuppen68.de\/index.php?rest_route=\/wp\/v2\/users\/1"}],"replies":[{"embeddable":true,"href":"http:\/\/www.schuppen68.de\/index.php?rest_route=%2Fwp%2Fv2%2Fcomments&post=9276"}],"version-history":[{"count":3,"href":"http:\/\/www.schuppen68.de\/index.php?rest_route=\/wp\/v2\/posts\/9276\/revisions"}],"predecessor-version":[{"id":9280,"href":"http:\/\/www.schuppen68.de\/index.php?rest_route=\/wp\/v2\/posts\/9276\/revisions\/9280"}],"wp:attachment":[{"href":"http:\/\/www.schuppen68.de\/index.php?rest_route=%2Fwp%2Fv2%2Fmedia&parent=9276"}],"wp:term":[{"taxonomy":"category","embeddable":true,"href":"http:\/\/www.schuppen68.de\/index.php?rest_route=%2Fwp%2Fv2%2Fcategories&post=9276"},{"taxonomy":"post_tag","embeddable":true,"href":"http:\/\/www.schuppen68.de\/index.php?rest_route=%2Fwp%2Fv2%2Ftags&post=9276"}],"curies":[{"name":"wp","href":"https:\/\/api.w.org\/{rel}","templated":true}]}}